{"id":1356,"date":"2019-10-07T15:51:32","date_gmt":"2019-10-07T13:51:32","guid":{"rendered":"http:\/\/www.terresdangely.com\/fr\/?p=1356"},"modified":"2019-10-08T08:00:17","modified_gmt":"2019-10-08T06:00:17","slug":"prolongation-de-la-boutique-carre-dart","status":"publish","type":"post","link":"http:\/\/www.terresdangely.com\/fr\/2019\/10\/07\/prolongation-de-la-boutique-carre-dart\/","title":{"rendered":"Prolongation de Carr\u00e9 d&rsquo;art"},"content":{"rendered":"<p><strong>La boutique Carr\u00e9 d&rsquo;art \u00e0 Cognac sera ouverte jusqu&rsquo;au 10 d\u00e9cembre 2019 !<\/strong><\/p>\n<p>&nbsp;<\/p>\n<p><!--more--><\/p>\n<p>11 cr\u00e9ateurs pr\u00e9sentent leurs oeuvres dans cette boutique au coeur de Cognac dans les rues pi\u00e8tonnes. A d\u00e9couvrir !<\/p>\n","protected":false},"excerpt":{"rendered":"<p>La boutique Carr\u00e9 d&rsquo;art \u00e0 Cognac sera ouverte jusqu&rsquo;au 10 d\u00e9cembre 2019 ! &nbsp;<\/p>\n","protected":false},"author":1,"featured_media":1363,"comment_status":"open","ping_status":"open","sticky":false,"template":"","format":"standard","meta":{"footnotes":""},"categories":[3],"tags":[],"class_list":["post-1356","post","type-post","status-publish","format-standard","has-post-thumbnail","hentry","category-actualite"],"yoast_head":"<!-- This site is optimized with the Yoast SEO plugin v27.4 - https:\/\/yoast.com\/product\/yoast-seo-wordpress\/ -->\n<title>Prolongation de Carr\u00e9 d&#039;art<\/title>\n<meta name=\"description\" content=\"Fabrication de c\u00e9ramiques d&#039;arts, poterie, vaisselle, cadeau, d\u00e9coration. Vente sur place, sur les march\u00e9s, et vente en ligne. Cours et stages de c\u00e9ramique (tournage et \u00e9maillage). Pr\u00e9sentation de l&#039;entreprise et de ses produits.\" \/>\n<meta name=\"robots\" content=\"index, follow, max-snippet:-1, max-image-preview:large, max-video-preview:-1\" \/>\n<link rel=\"canonical\" href=\"http:\/\/www.terresdangely.com\/fr\/2019\/10\/07\/prolongation-de-la-boutique-carre-dart\/\" \/>\n<meta property=\"og:locale\" content=\"fr_FR\" \/>\n<meta property=\"og:locale:alternate\" content=\"en_UK\" \/>\n<meta property=\"og:type\" content=\"article\" \/>\n<meta property=\"og:title\" content=\"Prolongation de Carr\u00e9 d&#039;art\" \/>\n<meta property=\"og:description\" content=\"Fabrication de c\u00e9ramiques d&#039;arts, poterie, vaisselle, cadeau, d\u00e9coration. Vente sur place, sur les march\u00e9s, et vente en ligne. Cours et stages de c\u00e9ramique (tournage et \u00e9maillage). Pr\u00e9sentation de l&#039;entreprise et de ses produits.\" \/>\n<meta property=\"og:url\" content=\"http:\/\/www.terresdangely.com\/fr\/2019\/10\/07\/prolongation-de-la-boutique-carre-dart\/\" \/>\n<meta property=\"og:site_name\" content=\"Terres d&#039;Ang\u00e9ly\" \/>\n<meta property=\"article:published_time\" content=\"2019-10-07T13:51:32+00:00\" \/>\n<meta property=\"article:modified_time\" content=\"2019-10-08T06:00:17+00:00\" \/>\n<meta property=\"og:image\" content=\"http:\/\/www.terresdangely.com\/wp-content\/uploads\/2019\/10\/carr\u00e9-dart.jpeg\" \/>\n\t<meta property=\"og:image:width\" content=\"1600\" \/>\n\t<meta property=\"og:image:height\" content=\"879\" \/>\n\t<meta property=\"og:image:type\" content=\"image\/jpeg\" \/>\n<meta name=\"author\" content=\"admin\" \/>\n<meta name=\"twitter:card\" content=\"summary_large_image\" \/>\n<meta name=\"twitter:label1\" content=\"\u00c9crit par\" \/>\n\t<meta name=\"twitter:data1\" content=\"admin\" \/>\n<script type=\"application\/ld+json\" class=\"yoast-schema-graph\">{\"@context\":\"https:\\\/\\\/schema.org\",\"@graph\":[{\"@type\":\"Article\",\"@id\":\"http:\\\/\\\/www.terresdangely.com\\\/fr\\\/2019\\\/10\\\/07\\\/prolongation-de-la-boutique-carre-dart\\\/#article\",\"isPartOf\":{\"@id\":\"http:\\\/\\\/www.terresdangely.com\\\/fr\\\/2019\\\/10\\\/07\\\/prolongation-de-la-boutique-carre-dart\\\/\"},\"author\":{\"name\":\"admin\",\"@id\":\"http:\\\/\\\/www.terresdangely.com\\\/#\\\/schema\\\/person\\\/73035138f23bd6b742865e4feca1702b\"},\"headline\":\"Prolongation de Carr\u00e9 d&rsquo;art\",\"datePublished\":\"2019-10-07T13:51:32+00:00\",\"dateModified\":\"2019-10-08T06:00:17+00:00\",\"mainEntityOfPage\":{\"@id\":\"http:\\\/\\\/www.terresdangely.com\\\/fr\\\/2019\\\/10\\\/07\\\/prolongation-de-la-boutique-carre-dart\\\/\"},\"wordCount\":88,\"commentCount\":0,\"publisher\":{\"@id\":\"http:\\\/\\\/www.terresdangely.com\\\/#organization\"},\"image\":{\"@id\":\"http:\\\/\\\/www.terresdangely.com\\\/fr\\\/2019\\\/10\\\/07\\\/prolongation-de-la-boutique-carre-dart\\\/#primaryimage\"},\"thumbnailUrl\":\"http:\\\/\\\/www.terresdangely.com\\\/wp-content\\\/uploads\\\/2019\\\/10\\\/carr\u00e9-dart.jpeg\",\"articleSection\":[\"Actualit\u00e9\"],\"inLanguage\":\"fr-FR\",\"potentialAction\":[{\"@type\":\"CommentAction\",\"name\":\"Comment\",\"target\":[\"http:\\\/\\\/www.terresdangely.com\\\/fr\\\/2019\\\/10\\\/07\\\/prolongation-de-la-boutique-carre-dart\\\/#respond\"]}]},{\"@type\":\"WebPage\",\"@id\":\"http:\\\/\\\/www.terresdangely.com\\\/fr\\\/2019\\\/10\\\/07\\\/prolongation-de-la-boutique-carre-dart\\\/\",\"url\":\"http:\\\/\\\/www.terresdangely.com\\\/fr\\\/2019\\\/10\\\/07\\\/prolongation-de-la-boutique-carre-dart\\\/\",\"name\":\"Prolongation de Carr\u00e9 d'art\",\"isPartOf\":{\"@id\":\"http:\\\/\\\/www.terresdangely.com\\\/#website\"},\"primaryImageOfPage\":{\"@id\":\"http:\\\/\\\/www.terresdangely.com\\\/fr\\\/2019\\\/10\\\/07\\\/prolongation-de-la-boutique-carre-dart\\\/#primaryimage\"},\"image\":{\"@id\":\"http:\\\/\\\/www.terresdangely.com\\\/fr\\\/2019\\\/10\\\/07\\\/prolongation-de-la-boutique-carre-dart\\\/#primaryimage\"},\"thumbnailUrl\":\"http:\\\/\\\/www.terresdangely.com\\\/wp-content\\\/uploads\\\/2019\\\/10\\\/carr\u00e9-dart.jpeg\",\"datePublished\":\"2019-10-07T13:51:32+00:00\",\"dateModified\":\"2019-10-08T06:00:17+00:00\",\"description\":\"Fabrication de c\u00e9ramiques d'arts, poterie, vaisselle, cadeau, d\u00e9coration. Vente sur place, sur les march\u00e9s, et vente en ligne. Cours et stages de c\u00e9ramique (tournage et \u00e9maillage). Pr\u00e9sentation de l'entreprise et de ses produits.\",\"breadcrumb\":{\"@id\":\"http:\\\/\\\/www.terresdangely.com\\\/fr\\\/2019\\\/10\\\/07\\\/prolongation-de-la-boutique-carre-dart\\\/#breadcrumb\"},\"inLanguage\":\"fr-FR\",\"potentialAction\":[{\"@type\":\"ReadAction\",\"target\":[\"http:\\\/\\\/www.terresdangely.com\\\/fr\\\/2019\\\/10\\\/07\\\/prolongation-de-la-boutique-carre-dart\\\/\"]}]},{\"@type\":\"ImageObject\",\"inLanguage\":\"fr-FR\",\"@id\":\"http:\\\/\\\/www.terresdangely.com\\\/fr\\\/2019\\\/10\\\/07\\\/prolongation-de-la-boutique-carre-dart\\\/#primaryimage\",\"url\":\"http:\\\/\\\/www.terresdangely.com\\\/wp-content\\\/uploads\\\/2019\\\/10\\\/carr\u00e9-dart.jpeg\",\"contentUrl\":\"http:\\\/\\\/www.terresdangely.com\\\/wp-content\\\/uploads\\\/2019\\\/10\\\/carr\u00e9-dart.jpeg\",\"width\":1600,\"height\":879},{\"@type\":\"BreadcrumbList\",\"@id\":\"http:\\\/\\\/www.terresdangely.com\\\/fr\\\/2019\\\/10\\\/07\\\/prolongation-de-la-boutique-carre-dart\\\/#breadcrumb\",\"itemListElement\":[{\"@type\":\"ListItem\",\"position\":1,\"name\":\"Accueil\",\"item\":\"http:\\\/\\\/www.terresdangely.com\\\/fr\\\/\"},{\"@type\":\"ListItem\",\"position\":2,\"name\":\"Prolongation de Carr\u00e9 d&rsquo;art\"}]},{\"@type\":\"WebSite\",\"@id\":\"http:\\\/\\\/www.terresdangely.com\\\/#website\",\"url\":\"http:\\\/\\\/www.terresdangely.com\\\/\",\"name\":\"Terres d'Ang\u00e9ly\",\"description\":\"C\u00e9ramique artisanale\",\"publisher\":{\"@id\":\"http:\\\/\\\/www.terresdangely.com\\\/#organization\"},\"potentialAction\":[{\"@type\":\"SearchAction\",\"target\":{\"@type\":\"EntryPoint\",\"urlTemplate\":\"http:\\\/\\\/www.terresdangely.com\\\/?s={search_term_string}\"},\"query-input\":{\"@type\":\"PropertyValueSpecification\",\"valueRequired\":true,\"valueName\":\"search_term_string\"}}],\"inLanguage\":\"fr-FR\"},{\"@type\":\"Organization\",\"@id\":\"http:\\\/\\\/www.terresdangely.com\\\/#organization\",\"name\":\"Terres d'Ang\u00e9ly\",\"url\":\"http:\\\/\\\/www.terresdangely.com\\\/\",\"logo\":{\"@type\":\"ImageObject\",\"inLanguage\":\"fr-FR\",\"@id\":\"http:\\\/\\\/www.terresdangely.com\\\/#\\\/schema\\\/logo\\\/image\\\/\",\"url\":\"http:\\\/\\\/www.terresdangely.com\\\/wp-content\\\/uploads\\\/2019\\\/04\\\/Logo-Terres-dAngely-site.png\",\"contentUrl\":\"http:\\\/\\\/www.terresdangely.com\\\/wp-content\\\/uploads\\\/2019\\\/04\\\/Logo-Terres-dAngely-site.png\",\"width\":150,\"height\":149,\"caption\":\"Terres d'Ang\u00e9ly\"},\"image\":{\"@id\":\"http:\\\/\\\/www.terresdangely.com\\\/#\\\/schema\\\/logo\\\/image\\\/\"}},{\"@type\":\"Person\",\"@id\":\"http:\\\/\\\/www.terresdangely.com\\\/#\\\/schema\\\/person\\\/73035138f23bd6b742865e4feca1702b\",\"name\":\"admin\",\"image\":{\"@type\":\"ImageObject\",\"inLanguage\":\"fr-FR\",\"@id\":\"https:\\\/\\\/secure.gravatar.com\\\/avatar\\\/14227ef21a13c880002cfb320e81dc4c98f966e368ee9457a6ae15a923b9f51c?s=96&d=mm&r=g\",\"url\":\"https:\\\/\\\/secure.gravatar.com\\\/avatar\\\/14227ef21a13c880002cfb320e81dc4c98f966e368ee9457a6ae15a923b9f51c?s=96&d=mm&r=g\",\"contentUrl\":\"https:\\\/\\\/secure.gravatar.com\\\/avatar\\\/14227ef21a13c880002cfb320e81dc4c98f966e368ee9457a6ae15a923b9f51c?s=96&d=mm&r=g\",\"caption\":\"admin\"},\"url\":\"http:\\\/\\\/www.terresdangely.com\\\/fr\\\/author\\\/admin\\\/\"}]}<\/script>\n<!-- \/ Yoast SEO plugin. -->","yoast_head_json":{"title":"Prolongation de Carr\u00e9 d'art","description":"Fabrication de c\u00e9ramiques d'arts, poterie, vaisselle, cadeau, d\u00e9coration. Vente sur place, sur les march\u00e9s, et vente en ligne. Cours et stages de c\u00e9ramique (tournage et \u00e9maillage). Pr\u00e9sentation de l'entreprise et de ses produits.","robots":{"index":"index","follow":"follow","max-snippet":"max-snippet:-1","max-image-preview":"max-image-preview:large","max-video-preview":"max-video-preview:-1"},"canonical":"http:\/\/www.terresdangely.com\/fr\/2019\/10\/07\/prolongation-de-la-boutique-carre-dart\/","og_locale":"fr_FR","og_type":"article","og_title":"[:en]Prolongation of Carr\u00e9 d&#039;art[:fr]Prolongation de Carr\u00e9 d'art[:] - Terres d'Ang\u00e9ly","og_description":"Fabrication de c\u00e9ramiques d'arts, poterie, vaisselle, cadeau, d\u00e9coration. Vente sur place, sur les march\u00e9s, et vente en ligne. Cours et stages de c\u00e9ramique (tournage et \u00e9maillage). Pr\u00e9sentation de l'entreprise et de ses produits.","og_url":"http:\/\/www.terresdangely.com\/fr\/2019\/10\/07\/prolongation-de-la-boutique-carre-dart\/","og_site_name":"Terres d'Ang\u00e9ly","article_published_time":"2019-10-07T13:51:32+00:00","article_modified_time":"2019-10-08T06:00:17+00:00","og_image":[{"width":1600,"height":879,"url":"http:\/\/www.terresdangely.com\/wp-content\/uploads\/2019\/10\/carr\u00e9-dart.jpeg","type":"image\/jpeg"}],"author":"admin","twitter_card":"summary_large_image","twitter_misc":{"\u00c9crit par":"admin"},"schema":{"@context":"https:\/\/schema.org","@graph":[{"@type":"Article","@id":"http:\/\/www.terresdangely.com\/fr\/2019\/10\/07\/prolongation-de-la-boutique-carre-dart\/#article","isPartOf":{"@id":"http:\/\/www.terresdangely.com\/fr\/2019\/10\/07\/prolongation-de-la-boutique-carre-dart\/"},"author":{"name":"admin","@id":"http:\/\/www.terresdangely.com\/#\/schema\/person\/73035138f23bd6b742865e4feca1702b"},"headline":"Prolongation de Carr\u00e9 d&rsquo;art","datePublished":"2019-10-07T13:51:32+00:00","dateModified":"2019-10-08T06:00:17+00:00","mainEntityOfPage":{"@id":"http:\/\/www.terresdangely.com\/fr\/2019\/10\/07\/prolongation-de-la-boutique-carre-dart\/"},"wordCount":88,"commentCount":0,"publisher":{"@id":"http:\/\/www.terresdangely.com\/#organization"},"image":{"@id":"http:\/\/www.terresdangely.com\/fr\/2019\/10\/07\/prolongation-de-la-boutique-carre-dart\/#primaryimage"},"thumbnailUrl":"http:\/\/www.terresdangely.com\/wp-content\/uploads\/2019\/10\/carr\u00e9-dart.jpeg","articleSection":["Actualit\u00e9"],"inLanguage":"fr-FR","potentialAction":[{"@type":"CommentAction","name":"Comment","target":["http:\/\/www.terresdangely.com\/fr\/2019\/10\/07\/prolongation-de-la-boutique-carre-dart\/#respond"]}]},{"@type":"WebPage","@id":"http:\/\/www.terresdangely.com\/fr\/2019\/10\/07\/prolongation-de-la-boutique-carre-dart\/","url":"http:\/\/www.terresdangely.com\/fr\/2019\/10\/07\/prolongation-de-la-boutique-carre-dart\/","name":"Prolongation de Carr\u00e9 d'art","isPartOf":{"@id":"http:\/\/www.terresdangely.com\/#website"},"primaryImageOfPage":{"@id":"http:\/\/www.terresdangely.com\/fr\/2019\/10\/07\/prolongation-de-la-boutique-carre-dart\/#primaryimage"},"image":{"@id":"http:\/\/www.terresdangely.com\/fr\/2019\/10\/07\/prolongation-de-la-boutique-carre-dart\/#primaryimage"},"thumbnailUrl":"http:\/\/www.terresdangely.com\/wp-content\/uploads\/2019\/10\/carr\u00e9-dart.jpeg","datePublished":"2019-10-07T13:51:32+00:00","dateModified":"2019-10-08T06:00:17+00:00","description":"Fabrication de c\u00e9ramiques d'arts, poterie, vaisselle, cadeau, d\u00e9coration. Vente sur place, sur les march\u00e9s, et vente en ligne. Cours et stages de c\u00e9ramique (tournage et \u00e9maillage). Pr\u00e9sentation de l'entreprise et de ses produits.","breadcrumb":{"@id":"http:\/\/www.terresdangely.com\/fr\/2019\/10\/07\/prolongation-de-la-boutique-carre-dart\/#breadcrumb"},"inLanguage":"fr-FR","potentialAction":[{"@type":"ReadAction","target":["http:\/\/www.terresdangely.com\/fr\/2019\/10\/07\/prolongation-de-la-boutique-carre-dart\/"]}]},{"@type":"ImageObject","inLanguage":"fr-FR","@id":"http:\/\/www.terresdangely.com\/fr\/2019\/10\/07\/prolongation-de-la-boutique-carre-dart\/#primaryimage","url":"http:\/\/www.terresdangely.com\/wp-content\/uploads\/2019\/10\/carr\u00e9-dart.jpeg","contentUrl":"http:\/\/www.terresdangely.com\/wp-content\/uploads\/2019\/10\/carr\u00e9-dart.jpeg","width":1600,"height":879},{"@type":"BreadcrumbList","@id":"http:\/\/www.terresdangely.com\/fr\/2019\/10\/07\/prolongation-de-la-boutique-carre-dart\/#breadcrumb","itemListElement":[{"@type":"ListItem","position":1,"name":"Accueil","item":"http:\/\/www.terresdangely.com\/fr\/"},{"@type":"ListItem","position":2,"name":"Prolongation de Carr\u00e9 d&rsquo;art"}]},{"@type":"WebSite","@id":"http:\/\/www.terresdangely.com\/#website","url":"http:\/\/www.terresdangely.com\/","name":"Terres d'Ang\u00e9ly","description":"C\u00e9ramique artisanale","publisher":{"@id":"http:\/\/www.terresdangely.com\/#organization"},"potentialAction":[{"@type":"SearchAction","target":{"@type":"EntryPoint","urlTemplate":"http:\/\/www.terresdangely.com\/?s={search_term_string}"},"query-input":{"@type":"PropertyValueSpecification","valueRequired":true,"valueName":"search_term_string"}}],"inLanguage":"fr-FR"},{"@type":"Organization","@id":"http:\/\/www.terresdangely.com\/#organization","name":"Terres d'Ang\u00e9ly","url":"http:\/\/www.terresdangely.com\/","logo":{"@type":"ImageObject","inLanguage":"fr-FR","@id":"http:\/\/www.terresdangely.com\/#\/schema\/logo\/image\/","url":"http:\/\/www.terresdangely.com\/wp-content\/uploads\/2019\/04\/Logo-Terres-dAngely-site.png","contentUrl":"http:\/\/www.terresdangely.com\/wp-content\/uploads\/2019\/04\/Logo-Terres-dAngely-site.png","width":150,"height":149,"caption":"Terres d'Ang\u00e9ly"},"image":{"@id":"http:\/\/www.terresdangely.com\/#\/schema\/logo\/image\/"}},{"@type":"Person","@id":"http:\/\/www.terresdangely.com\/#\/schema\/person\/73035138f23bd6b742865e4feca1702b","name":"admin","image":{"@type":"ImageObject","inLanguage":"fr-FR","@id":"https:\/\/secure.gravatar.com\/avatar\/14227ef21a13c880002cfb320e81dc4c98f966e368ee9457a6ae15a923b9f51c?s=96&d=mm&r=g","url":"https:\/\/secure.gravatar.com\/avatar\/14227ef21a13c880002cfb320e81dc4c98f966e368ee9457a6ae15a923b9f51c?s=96&d=mm&r=g","contentUrl":"https:\/\/secure.gravatar.com\/avatar\/14227ef21a13c880002cfb320e81dc4c98f966e368ee9457a6ae15a923b9f51c?s=96&d=mm&r=g","caption":"admin"},"url":"http:\/\/www.terresdangely.com\/fr\/author\/admin\/"}]}},"_links":{"self":[{"href":"http:\/\/www.terresdangely.com\/fr\/wp-json\/wp\/v2\/posts\/1356","targetHints":{"allow":["GET"]}}],"collection":[{"href":"http:\/\/www.terresdangely.com\/fr\/wp-json\/wp\/v2\/posts"}],"about":[{"href":"http:\/\/www.terresdangely.com\/fr\/wp-json\/wp\/v2\/types\/post"}],"author":[{"embeddable":true,"href":"http:\/\/www.terresdangely.com\/fr\/wp-json\/wp\/v2\/users\/1"}],"replies":[{"embeddable":true,"href":"http:\/\/www.terresdangely.com\/fr\/wp-json\/wp\/v2\/comments?post=1356"}],"version-history":[{"count":5,"href":"http:\/\/www.terresdangely.com\/fr\/wp-json\/wp\/v2\/posts\/1356\/revisions"}],"predecessor-version":[{"id":1401,"href":"http:\/\/www.terresdangely.com\/fr\/wp-json\/wp\/v2\/posts\/1356\/revisions\/1401"}],"wp:featuredmedia":[{"embeddable":true,"href":"http:\/\/www.terresdangely.com\/fr\/wp-json\/wp\/v2\/media\/1363"}],"wp:attachment":[{"href":"http:\/\/www.terresdangely.com\/fr\/wp-json\/wp\/v2\/media?parent=1356"}],"wp:term":[{"taxonomy":"category","embeddable":true,"href":"http:\/\/www.terresdangely.com\/fr\/wp-json\/wp\/v2\/categories?post=1356"},{"taxonomy":"post_tag","embeddable":true,"href":"http:\/\/www.terresdangely.com\/fr\/wp-json\/wp\/v2\/tags?post=1356"}],"curies":[{"name":"wp","href":"https:\/\/api.w.org\/{rel}","templated":true}]}}