{"id":2468,"date":"2022-06-25T15:41:31","date_gmt":"2022-06-25T13:41:31","guid":{"rendered":"http:\/\/www.terresdangely.com\/fr\/?p=2468"},"modified":"2022-06-25T15:59:01","modified_gmt":"2022-06-25T13:59:01","slug":"le-recyclage-a-latelier","status":"publish","type":"post","link":"http:\/\/www.terresdangely.com\/fr\/2022\/06\/25\/le-recyclage-a-latelier\/","title":{"rendered":"Le recyclage \u00e0 l&rsquo;atelier"},"content":{"rendered":"<p>A l&rsquo;atelier l&rsquo;ensemble des terres sont recycl\u00e9es. Tant qu&rsquo;elles ne sont pas cuites, elles retournent dans le cycle du fa\u00e7onnage. Pour la fa\u00efence et le gr\u00e8s, une fois s\u00e8ches, r\u00e9humidifi\u00e9es, remalax\u00e9es, les terres peuvent \u00eatre r\u00e9utilis\u00e9es en tournage. Souvent, on fait moiti\u00e9 terre neuve et moiti\u00e9 terre recycl\u00e9e.<\/p>\n<p>Pour la porcelaine, je la recycle en terre de coulage, toujours moiti\u00e9 recycl\u00e9e moiti\u00e9 terre neuve.<\/p>\n<p>Je recycle environ une grande poubelle de terre de chaque sorte par an soit 3 grandes poubelles.<\/p>\n<p>Pour ce qui est des boues r\u00e9colt\u00e9es dans les bassins de d\u00e9cantation des \u00e9viers, je ne la recycle pas malheureusement. C&rsquo;est une terre trop m\u00e9lang\u00e9e contenant de la terre, des oxydes ou du savon. Cette boue est recueillie dans une grande poubelle. Je laisse la boue s\u00e9ch\u00e9e. Le boue s\u00e8che va ensuite en d\u00e9chetterie avec les peintures.<\/p>\n<p><img fetchpriority=\"high\" decoding=\"async\" class=\"alignnone size-medium wp-image-2469\" src=\"http:\/\/www.terresdangely.com\/wp-content\/uploads\/2022\/06\/DSC_0038-300x201.jpg\" alt=\"\" width=\"300\" height=\"201\" srcset=\"http:\/\/www.terresdangely.com\/wp-content\/uploads\/2022\/06\/DSC_0038-300x201.jpg 300w, http:\/\/www.terresdangely.com\/wp-content\/uploads\/2022\/06\/DSC_0038-1024x685.jpg 1024w, http:\/\/www.terresdangely.com\/wp-content\/uploads\/2022\/06\/DSC_0038-768x514.jpg 768w, http:\/\/www.terresdangely.com\/wp-content\/uploads\/2022\/06\/DSC_0038-1536x1028.jpg 1536w, http:\/\/www.terresdangely.com\/wp-content\/uploads\/2022\/06\/DSC_0038-2048x1371.jpg 2048w, http:\/\/www.terresdangely.com\/wp-content\/uploads\/2022\/06\/DSC_0038-18x12.jpg 18w\" sizes=\"(max-width: 300px) 100vw, 300px\" \/> \u00a0 <img decoding=\"async\" class=\"alignnone size-medium wp-image-2470\" src=\"http:\/\/www.terresdangely.com\/wp-content\/uploads\/2022\/06\/DSC_0330-300x201.jpg\" alt=\"\" width=\"300\" height=\"201\" srcset=\"http:\/\/www.terresdangely.com\/wp-content\/uploads\/2022\/06\/DSC_0330-300x201.jpg 300w, http:\/\/www.terresdangely.com\/wp-content\/uploads\/2022\/06\/DSC_0330-1024x685.jpg 1024w, http:\/\/www.terresdangely.com\/wp-content\/uploads\/2022\/06\/DSC_0330-768x514.jpg 768w, http:\/\/www.terresdangely.com\/wp-content\/uploads\/2022\/06\/DSC_0330-1536x1028.jpg 1536w, http:\/\/www.terresdangely.com\/wp-content\/uploads\/2022\/06\/DSC_0330-2048x1371.jpg 2048w, http:\/\/www.terresdangely.com\/wp-content\/uploads\/2022\/06\/DSC_0330-18x12.jpg 18w\" sizes=\"(max-width: 300px) 100vw, 300px\" \/><\/p>\n","protected":false},"excerpt":{"rendered":"<p>A l&rsquo;atelier l&rsquo;ensemble des terres sont recycl\u00e9es. Tant qu&rsquo;elles ne sont pas cuites, elles retournent dans le cycle du fa\u00e7onnage. Pour la fa\u00efence et le gr\u00e8s, une fois s\u00e8ches, r\u00e9humidifi\u00e9es, remalax\u00e9es, les terres peuvent \u00eatre r\u00e9utilis\u00e9es en tournage. Souvent, on fait moiti\u00e9 terre neuve et moiti\u00e9 terre recycl\u00e9e. Pour la porcelaine, je la recycle en <a class=\"read-more\" href=\"http:\/\/www.terresdangely.com\/fr\/2022\/06\/25\/le-recyclage-a-latelier\/\">Read More<\/a><\/p>\n","protected":false},"author":1,"featured_media":0,"comment_status":"open","ping_status":"open","sticky":false,"template":"","format":"standard","meta":{"footnotes":""},"categories":[3],"tags":[],"class_list":["post-2468","post","type-post","status-publish","format-standard","hentry","category-actualite"],"yoast_head":"<!-- This site is optimized with the Yoast SEO plugin v27.4 - https:\/\/yoast.com\/product\/yoast-seo-wordpress\/ -->\n<title>Le recyclage \u00e0 l&#039;atelier<\/title>\n<meta name=\"description\" content=\"Fabrication de c\u00e9ramiques d&#039;arts, poterie, vaisselle, cadeau, d\u00e9coration. Vente sur place, sur les march\u00e9s, et vente en ligne. Cours et stages de c\u00e9ramique (tournage et \u00e9maillage). Pr\u00e9sentation de l&#039;entreprise et de ses produits.\" \/>\n<meta name=\"robots\" content=\"index, follow, max-snippet:-1, max-image-preview:large, max-video-preview:-1\" \/>\n<link rel=\"canonical\" href=\"http:\/\/www.terresdangely.com\/fr\/2022\/06\/25\/le-recyclage-a-latelier\/\" \/>\n<meta property=\"og:locale\" content=\"fr_FR\" \/>\n<meta property=\"og:locale:alternate\" content=\"en_UK\" \/>\n<meta property=\"og:type\" content=\"article\" \/>\n<meta property=\"og:title\" content=\"Le recyclage \u00e0 l&#039;atelier\" \/>\n<meta property=\"og:description\" content=\"Fabrication de c\u00e9ramiques d&#039;arts, poterie, vaisselle, cadeau, d\u00e9coration. Vente sur place, sur les march\u00e9s, et vente en ligne. Cours et stages de c\u00e9ramique (tournage et \u00e9maillage). Pr\u00e9sentation de l&#039;entreprise et de ses produits.\" \/>\n<meta property=\"og:url\" content=\"http:\/\/www.terresdangely.com\/fr\/2022\/06\/25\/le-recyclage-a-latelier\/\" \/>\n<meta property=\"og:site_name\" content=\"Terres d&#039;Ang\u00e9ly\" \/>\n<meta property=\"article:published_time\" content=\"2022-06-25T13:41:31+00:00\" \/>\n<meta property=\"article:modified_time\" content=\"2022-06-25T13:59:01+00:00\" \/>\n<meta property=\"og:image\" content=\"http:\/\/www.terresdangely.com\/wp-content\/uploads\/2022\/06\/DSC_0038-300x201.jpg\" \/>\n<meta name=\"author\" content=\"admin\" \/>\n<meta name=\"twitter:card\" content=\"summary_large_image\" \/>\n<meta name=\"twitter:label1\" content=\"\u00c9crit par\" \/>\n\t<meta name=\"twitter:data1\" content=\"admin\" \/>\n\t<meta name=\"twitter:label2\" content=\"Dur\u00e9e de lecture estim\u00e9e\" \/>\n\t<meta name=\"twitter:data2\" content=\"1 minute\" \/>\n<script type=\"application\/ld+json\" class=\"yoast-schema-graph\">{\"@context\":\"https:\\\/\\\/schema.org\",\"@graph\":[{\"@type\":\"Article\",\"@id\":\"http:\\\/\\\/www.terresdangely.com\\\/fr\\\/2022\\\/06\\\/25\\\/le-recyclage-a-latelier\\\/#article\",\"isPartOf\":{\"@id\":\"http:\\\/\\\/www.terresdangely.com\\\/fr\\\/2022\\\/06\\\/25\\\/le-recyclage-a-latelier\\\/\"},\"author\":{\"name\":\"admin\",\"@id\":\"http:\\\/\\\/www.terresdangely.com\\\/#\\\/schema\\\/person\\\/73035138f23bd6b742865e4feca1702b\"},\"headline\":\"Le recyclage \u00e0 l&rsquo;atelier\",\"datePublished\":\"2022-06-25T13:41:31+00:00\",\"dateModified\":\"2022-06-25T13:59:01+00:00\",\"mainEntityOfPage\":{\"@id\":\"http:\\\/\\\/www.terresdangely.com\\\/fr\\\/2022\\\/06\\\/25\\\/le-recyclage-a-latelier\\\/\"},\"wordCount\":168,\"commentCount\":0,\"publisher\":{\"@id\":\"http:\\\/\\\/www.terresdangely.com\\\/#organization\"},\"image\":{\"@id\":\"http:\\\/\\\/www.terresdangely.com\\\/fr\\\/2022\\\/06\\\/25\\\/le-recyclage-a-latelier\\\/#primaryimage\"},\"thumbnailUrl\":\"http:\\\/\\\/www.terresdangely.com\\\/wp-content\\\/uploads\\\/2022\\\/06\\\/DSC_0038-300x201.jpg\",\"articleSection\":[\"Actualit\u00e9\"],\"inLanguage\":\"fr-FR\",\"potentialAction\":[{\"@type\":\"CommentAction\",\"name\":\"Comment\",\"target\":[\"http:\\\/\\\/www.terresdangely.com\\\/fr\\\/2022\\\/06\\\/25\\\/le-recyclage-a-latelier\\\/#respond\"]}]},{\"@type\":\"WebPage\",\"@id\":\"http:\\\/\\\/www.terresdangely.com\\\/fr\\\/2022\\\/06\\\/25\\\/le-recyclage-a-latelier\\\/\",\"url\":\"http:\\\/\\\/www.terresdangely.com\\\/fr\\\/2022\\\/06\\\/25\\\/le-recyclage-a-latelier\\\/\",\"name\":\"Le recyclage \u00e0 l'atelier\",\"isPartOf\":{\"@id\":\"http:\\\/\\\/www.terresdangely.com\\\/#website\"},\"primaryImageOfPage\":{\"@id\":\"http:\\\/\\\/www.terresdangely.com\\\/fr\\\/2022\\\/06\\\/25\\\/le-recyclage-a-latelier\\\/#primaryimage\"},\"image\":{\"@id\":\"http:\\\/\\\/www.terresdangely.com\\\/fr\\\/2022\\\/06\\\/25\\\/le-recyclage-a-latelier\\\/#primaryimage\"},\"thumbnailUrl\":\"http:\\\/\\\/www.terresdangely.com\\\/wp-content\\\/uploads\\\/2022\\\/06\\\/DSC_0038-300x201.jpg\",\"datePublished\":\"2022-06-25T13:41:31+00:00\",\"dateModified\":\"2022-06-25T13:59:01+00:00\",\"description\":\"Fabrication de c\u00e9ramiques d'arts, poterie, vaisselle, cadeau, d\u00e9coration. Vente sur place, sur les march\u00e9s, et vente en ligne. Cours et stages de c\u00e9ramique (tournage et \u00e9maillage). Pr\u00e9sentation de l'entreprise et de ses produits.\",\"breadcrumb\":{\"@id\":\"http:\\\/\\\/www.terresdangely.com\\\/fr\\\/2022\\\/06\\\/25\\\/le-recyclage-a-latelier\\\/#breadcrumb\"},\"inLanguage\":\"fr-FR\",\"potentialAction\":[{\"@type\":\"ReadAction\",\"target\":[\"http:\\\/\\\/www.terresdangely.com\\\/fr\\\/2022\\\/06\\\/25\\\/le-recyclage-a-latelier\\\/\"]}]},{\"@type\":\"ImageObject\",\"inLanguage\":\"fr-FR\",\"@id\":\"http:\\\/\\\/www.terresdangely.com\\\/fr\\\/2022\\\/06\\\/25\\\/le-recyclage-a-latelier\\\/#primaryimage\",\"url\":\"http:\\\/\\\/www.terresdangely.com\\\/wp-content\\\/uploads\\\/2022\\\/06\\\/DSC_0038-300x201.jpg\",\"contentUrl\":\"http:\\\/\\\/www.terresdangely.com\\\/wp-content\\\/uploads\\\/2022\\\/06\\\/DSC_0038-300x201.jpg\"},{\"@type\":\"BreadcrumbList\",\"@id\":\"http:\\\/\\\/www.terresdangely.com\\\/fr\\\/2022\\\/06\\\/25\\\/le-recyclage-a-latelier\\\/#breadcrumb\",\"itemListElement\":[{\"@type\":\"ListItem\",\"position\":1,\"name\":\"Accueil\",\"item\":\"http:\\\/\\\/www.terresdangely.com\\\/fr\\\/\"},{\"@type\":\"ListItem\",\"position\":2,\"name\":\"Le recyclage \u00e0 l&rsquo;atelier\"}]},{\"@type\":\"WebSite\",\"@id\":\"http:\\\/\\\/www.terresdangely.com\\\/#website\",\"url\":\"http:\\\/\\\/www.terresdangely.com\\\/\",\"name\":\"Terres d'Ang\u00e9ly\",\"description\":\"C\u00e9ramique artisanale\",\"publisher\":{\"@id\":\"http:\\\/\\\/www.terresdangely.com\\\/#organization\"},\"potentialAction\":[{\"@type\":\"SearchAction\",\"target\":{\"@type\":\"EntryPoint\",\"urlTemplate\":\"http:\\\/\\\/www.terresdangely.com\\\/?s={search_term_string}\"},\"query-input\":{\"@type\":\"PropertyValueSpecification\",\"valueRequired\":true,\"valueName\":\"search_term_string\"}}],\"inLanguage\":\"fr-FR\"},{\"@type\":\"Organization\",\"@id\":\"http:\\\/\\\/www.terresdangely.com\\\/#organization\",\"name\":\"Terres d'Ang\u00e9ly\",\"url\":\"http:\\\/\\\/www.terresdangely.com\\\/\",\"logo\":{\"@type\":\"ImageObject\",\"inLanguage\":\"fr-FR\",\"@id\":\"http:\\\/\\\/www.terresdangely.com\\\/#\\\/schema\\\/logo\\\/image\\\/\",\"url\":\"http:\\\/\\\/www.terresdangely.com\\\/wp-content\\\/uploads\\\/2019\\\/04\\\/Logo-Terres-dAngely-site.png\",\"contentUrl\":\"http:\\\/\\\/www.terresdangely.com\\\/wp-content\\\/uploads\\\/2019\\\/04\\\/Logo-Terres-dAngely-site.png\",\"width\":150,\"height\":149,\"caption\":\"Terres d'Ang\u00e9ly\"},\"image\":{\"@id\":\"http:\\\/\\\/www.terresdangely.com\\\/#\\\/schema\\\/logo\\\/image\\\/\"}},{\"@type\":\"Person\",\"@id\":\"http:\\\/\\\/www.terresdangely.com\\\/#\\\/schema\\\/person\\\/73035138f23bd6b742865e4feca1702b\",\"name\":\"admin\",\"image\":{\"@type\":\"ImageObject\",\"inLanguage\":\"fr-FR\",\"@id\":\"https:\\\/\\\/secure.gravatar.com\\\/avatar\\\/14227ef21a13c880002cfb320e81dc4c98f966e368ee9457a6ae15a923b9f51c?s=96&d=mm&r=g\",\"url\":\"https:\\\/\\\/secure.gravatar.com\\\/avatar\\\/14227ef21a13c880002cfb320e81dc4c98f966e368ee9457a6ae15a923b9f51c?s=96&d=mm&r=g\",\"contentUrl\":\"https:\\\/\\\/secure.gravatar.com\\\/avatar\\\/14227ef21a13c880002cfb320e81dc4c98f966e368ee9457a6ae15a923b9f51c?s=96&d=mm&r=g\",\"caption\":\"admin\"},\"url\":\"http:\\\/\\\/www.terresdangely.com\\\/fr\\\/author\\\/admin\\\/\"}]}<\/script>\n<!-- \/ Yoast SEO plugin. -->","yoast_head_json":{"title":"Le recyclage \u00e0 l'atelier","description":"Fabrication de c\u00e9ramiques d'arts, poterie, vaisselle, cadeau, d\u00e9coration. Vente sur place, sur les march\u00e9s, et vente en ligne. Cours et stages de c\u00e9ramique (tournage et \u00e9maillage). Pr\u00e9sentation de l'entreprise et de ses produits.","robots":{"index":"index","follow":"follow","max-snippet":"max-snippet:-1","max-image-preview":"max-image-preview:large","max-video-preview":"max-video-preview:-1"},"canonical":"http:\/\/www.terresdangely.com\/fr\/2022\/06\/25\/le-recyclage-a-latelier\/","og_locale":"fr_FR","og_type":"article","og_title":"[:fr]Le recyclage \u00e0 l'atelier[:] - Terres d'Ang\u00e9ly","og_description":"Fabrication de c\u00e9ramiques d'arts, poterie, vaisselle, cadeau, d\u00e9coration. Vente sur place, sur les march\u00e9s, et vente en ligne. Cours et stages de c\u00e9ramique (tournage et \u00e9maillage). Pr\u00e9sentation de l'entreprise et de ses produits.","og_url":"http:\/\/www.terresdangely.com\/fr\/2022\/06\/25\/le-recyclage-a-latelier\/","og_site_name":"Terres d'Ang\u00e9ly","article_published_time":"2022-06-25T13:41:31+00:00","article_modified_time":"2022-06-25T13:59:01+00:00","og_image":[{"url":"http:\/\/www.terresdangely.com\/wp-content\/uploads\/2022\/06\/DSC_0038-300x201.jpg","type":"","width":"","height":""}],"author":"admin","twitter_card":"summary_large_image","twitter_misc":{"\u00c9crit par":"admin","Dur\u00e9e de lecture estim\u00e9e":"1 minute"},"schema":{"@context":"https:\/\/schema.org","@graph":[{"@type":"Article","@id":"http:\/\/www.terresdangely.com\/fr\/2022\/06\/25\/le-recyclage-a-latelier\/#article","isPartOf":{"@id":"http:\/\/www.terresdangely.com\/fr\/2022\/06\/25\/le-recyclage-a-latelier\/"},"author":{"name":"admin","@id":"http:\/\/www.terresdangely.com\/#\/schema\/person\/73035138f23bd6b742865e4feca1702b"},"headline":"Le recyclage \u00e0 l&rsquo;atelier","datePublished":"2022-06-25T13:41:31+00:00","dateModified":"2022-06-25T13:59:01+00:00","mainEntityOfPage":{"@id":"http:\/\/www.terresdangely.com\/fr\/2022\/06\/25\/le-recyclage-a-latelier\/"},"wordCount":168,"commentCount":0,"publisher":{"@id":"http:\/\/www.terresdangely.com\/#organization"},"image":{"@id":"http:\/\/www.terresdangely.com\/fr\/2022\/06\/25\/le-recyclage-a-latelier\/#primaryimage"},"thumbnailUrl":"http:\/\/www.terresdangely.com\/wp-content\/uploads\/2022\/06\/DSC_0038-300x201.jpg","articleSection":["Actualit\u00e9"],"inLanguage":"fr-FR","potentialAction":[{"@type":"CommentAction","name":"Comment","target":["http:\/\/www.terresdangely.com\/fr\/2022\/06\/25\/le-recyclage-a-latelier\/#respond"]}]},{"@type":"WebPage","@id":"http:\/\/www.terresdangely.com\/fr\/2022\/06\/25\/le-recyclage-a-latelier\/","url":"http:\/\/www.terresdangely.com\/fr\/2022\/06\/25\/le-recyclage-a-latelier\/","name":"Le recyclage \u00e0 l'atelier","isPartOf":{"@id":"http:\/\/www.terresdangely.com\/#website"},"primaryImageOfPage":{"@id":"http:\/\/www.terresdangely.com\/fr\/2022\/06\/25\/le-recyclage-a-latelier\/#primaryimage"},"image":{"@id":"http:\/\/www.terresdangely.com\/fr\/2022\/06\/25\/le-recyclage-a-latelier\/#primaryimage"},"thumbnailUrl":"http:\/\/www.terresdangely.com\/wp-content\/uploads\/2022\/06\/DSC_0038-300x201.jpg","datePublished":"2022-06-25T13:41:31+00:00","dateModified":"2022-06-25T13:59:01+00:00","description":"Fabrication de c\u00e9ramiques d'arts, poterie, vaisselle, cadeau, d\u00e9coration. Vente sur place, sur les march\u00e9s, et vente en ligne. Cours et stages de c\u00e9ramique (tournage et \u00e9maillage). Pr\u00e9sentation de l'entreprise et de ses produits.","breadcrumb":{"@id":"http:\/\/www.terresdangely.com\/fr\/2022\/06\/25\/le-recyclage-a-latelier\/#breadcrumb"},"inLanguage":"fr-FR","potentialAction":[{"@type":"ReadAction","target":["http:\/\/www.terresdangely.com\/fr\/2022\/06\/25\/le-recyclage-a-latelier\/"]}]},{"@type":"ImageObject","inLanguage":"fr-FR","@id":"http:\/\/www.terresdangely.com\/fr\/2022\/06\/25\/le-recyclage-a-latelier\/#primaryimage","url":"http:\/\/www.terresdangely.com\/wp-content\/uploads\/2022\/06\/DSC_0038-300x201.jpg","contentUrl":"http:\/\/www.terresdangely.com\/wp-content\/uploads\/2022\/06\/DSC_0038-300x201.jpg"},{"@type":"BreadcrumbList","@id":"http:\/\/www.terresdangely.com\/fr\/2022\/06\/25\/le-recyclage-a-latelier\/#breadcrumb","itemListElement":[{"@type":"ListItem","position":1,"name":"Accueil","item":"http:\/\/www.terresdangely.com\/fr\/"},{"@type":"ListItem","position":2,"name":"Le recyclage \u00e0 l&rsquo;atelier"}]},{"@type":"WebSite","@id":"http:\/\/www.terresdangely.com\/#website","url":"http:\/\/www.terresdangely.com\/","name":"Terres d'Ang\u00e9ly","description":"C\u00e9ramique artisanale","publisher":{"@id":"http:\/\/www.terresdangely.com\/#organization"},"potentialAction":[{"@type":"SearchAction","target":{"@type":"EntryPoint","urlTemplate":"http:\/\/www.terresdangely.com\/?s={search_term_string}"},"query-input":{"@type":"PropertyValueSpecification","valueRequired":true,"valueName":"search_term_string"}}],"inLanguage":"fr-FR"},{"@type":"Organization","@id":"http:\/\/www.terresdangely.com\/#organization","name":"Terres d'Ang\u00e9ly","url":"http:\/\/www.terresdangely.com\/","logo":{"@type":"ImageObject","inLanguage":"fr-FR","@id":"http:\/\/www.terresdangely.com\/#\/schema\/logo\/image\/","url":"http:\/\/www.terresdangely.com\/wp-content\/uploads\/2019\/04\/Logo-Terres-dAngely-site.png","contentUrl":"http:\/\/www.terresdangely.com\/wp-content\/uploads\/2019\/04\/Logo-Terres-dAngely-site.png","width":150,"height":149,"caption":"Terres d'Ang\u00e9ly"},"image":{"@id":"http:\/\/www.terresdangely.com\/#\/schema\/logo\/image\/"}},{"@type":"Person","@id":"http:\/\/www.terresdangely.com\/#\/schema\/person\/73035138f23bd6b742865e4feca1702b","name":"admin","image":{"@type":"ImageObject","inLanguage":"fr-FR","@id":"https:\/\/secure.gravatar.com\/avatar\/14227ef21a13c880002cfb320e81dc4c98f966e368ee9457a6ae15a923b9f51c?s=96&d=mm&r=g","url":"https:\/\/secure.gravatar.com\/avatar\/14227ef21a13c880002cfb320e81dc4c98f966e368ee9457a6ae15a923b9f51c?s=96&d=mm&r=g","contentUrl":"https:\/\/secure.gravatar.com\/avatar\/14227ef21a13c880002cfb320e81dc4c98f966e368ee9457a6ae15a923b9f51c?s=96&d=mm&r=g","caption":"admin"},"url":"http:\/\/www.terresdangely.com\/fr\/author\/admin\/"}]}},"_links":{"self":[{"href":"http:\/\/www.terresdangely.com\/fr\/wp-json\/wp\/v2\/posts\/2468","targetHints":{"allow":["GET"]}}],"collection":[{"href":"http:\/\/www.terresdangely.com\/fr\/wp-json\/wp\/v2\/posts"}],"about":[{"href":"http:\/\/www.terresdangely.com\/fr\/wp-json\/wp\/v2\/types\/post"}],"author":[{"embeddable":true,"href":"http:\/\/www.terresdangely.com\/fr\/wp-json\/wp\/v2\/users\/1"}],"replies":[{"embeddable":true,"href":"http:\/\/www.terresdangely.com\/fr\/wp-json\/wp\/v2\/comments?post=2468"}],"version-history":[{"count":3,"href":"http:\/\/www.terresdangely.com\/fr\/wp-json\/wp\/v2\/posts\/2468\/revisions"}],"predecessor-version":[{"id":2473,"href":"http:\/\/www.terresdangely.com\/fr\/wp-json\/wp\/v2\/posts\/2468\/revisions\/2473"}],"wp:attachment":[{"href":"http:\/\/www.terresdangely.com\/fr\/wp-json\/wp\/v2\/media?parent=2468"}],"wp:term":[{"taxonomy":"category","embeddable":true,"href":"http:\/\/www.terresdangely.com\/fr\/wp-json\/wp\/v2\/categories?post=2468"},{"taxonomy":"post_tag","embeddable":true,"href":"http:\/\/www.terresdangely.com\/fr\/wp-json\/wp\/v2\/tags?post=2468"}],"curies":[{"name":"wp","href":"https:\/\/api.w.org\/{rel}","templated":true}]}}