{"id":3193,"date":"2023-11-14T16:12:18","date_gmt":"2023-11-14T15:12:18","guid":{"rendered":"http:\/\/www.terresdangely.com\/fr\/?p=3193"},"modified":"2023-11-21T09:26:58","modified_gmt":"2023-11-21T08:26:58","slug":"les-expos-de-la-fin-2023","status":"publish","type":"post","link":"http:\/\/www.terresdangely.com\/fr\/2023\/11\/14\/les-expos-de-la-fin-2023\/","title":{"rendered":"Les expos de la fin 2023 !"},"content":{"rendered":"<p>Deux expos pour cette fin d&rsquo;ann\u00e9e !<\/p>\n<p>La premi\u00e8re avec <a href=\"https:\/\/www.facebook.com\/profile.php?id=100086854014581\" target=\"_blank\" rel=\"noopener\">Histoire de copines<\/a>\u00a0 \u00e0 Cognac du 27 novembre au 2 d\u00e9cembre. Je continue l&rsquo;aventure avec 3 complices : Sandrine Andersson (bijoux), l&rsquo;atelier de Val\u00e9rianne (santons) et Muriel Geoffroy (feutres). Nous investissons la salle du prieur\u00e9 du couvent des R\u00e9collets \u00e0 Cognac au 53 rue d&rsquo;Angoul\u00eame.<\/p>\n<p>La deuxi\u00e8me expo est organis\u00e9e par l&rsquo;association <a href=\"https:\/\/www.argilites.fr\/ceramique-a-la-rochelle-2023\/\" target=\"_blank\" rel=\"noopener\">Argilit\u00e9s\u00a0<\/a> qui regroupe les c\u00e9ramistes du Poitou Charentes. On sera 14 c\u00e9ramistes.<\/p>\n<p>Les horaires : 10h 19 h pour les 2 expos<\/p>\n<p><img fetchpriority=\"high\" decoding=\"async\" class=\"alignnone wp-image-3196\" src=\"http:\/\/www.terresdangely.com\/wp-content\/uploads\/2023\/11\/affiche-A4Noel-2023-219x300.jpeg\" alt=\"\" width=\"219\" height=\"300\" srcset=\"http:\/\/www.terresdangely.com\/wp-content\/uploads\/2023\/11\/affiche-A4Noel-2023-219x300.jpeg 219w, http:\/\/www.terresdangely.com\/wp-content\/uploads\/2023\/11\/affiche-A4Noel-2023-746x1024.jpeg 746w, http:\/\/www.terresdangely.com\/wp-content\/uploads\/2023\/11\/affiche-A4Noel-2023-768x1054.jpeg 768w, http:\/\/www.terresdangely.com\/wp-content\/uploads\/2023\/11\/affiche-A4Noel-2023-1119x1536.jpeg 1119w, http:\/\/www.terresdangely.com\/wp-content\/uploads\/2023\/11\/affiche-A4Noel-2023-1492x2048.jpeg 1492w, http:\/\/www.terresdangely.com\/wp-content\/uploads\/2023\/11\/affiche-A4Noel-2023-9x12.jpeg 9w, http:\/\/www.terresdangely.com\/wp-content\/uploads\/2023\/11\/affiche-A4Noel-2023-scaled.jpeg 1865w\" sizes=\"(max-width: 219px) 100vw, 219px\" \/> \u00a0 <img decoding=\"async\" class=\"alignnone size-medium wp-image-3195\" src=\"http:\/\/www.terresdangely.com\/wp-content\/uploads\/2023\/11\/A4_-_La_Rochelle_2023-212x300.jpg\" alt=\"\" width=\"212\" height=\"300\" srcset=\"http:\/\/www.terresdangely.com\/wp-content\/uploads\/2023\/11\/A4_-_La_Rochelle_2023-212x300.jpg 212w, http:\/\/www.terresdangely.com\/wp-content\/uploads\/2023\/11\/A4_-_La_Rochelle_2023-724x1024.jpg 724w, http:\/\/www.terresdangely.com\/wp-content\/uploads\/2023\/11\/A4_-_La_Rochelle_2023-768x1086.jpg 768w, http:\/\/www.terresdangely.com\/wp-content\/uploads\/2023\/11\/A4_-_La_Rochelle_2023-1086x1536.jpg 1086w, http:\/\/www.terresdangely.com\/wp-content\/uploads\/2023\/11\/A4_-_La_Rochelle_2023-1448x2048.jpg 1448w, http:\/\/www.terresdangely.com\/wp-content\/uploads\/2023\/11\/A4_-_La_Rochelle_2023-8x12.jpg 8w, http:\/\/www.terresdangely.com\/wp-content\/uploads\/2023\/11\/A4_-_La_Rochelle_2023-scaled.jpg 1811w\" sizes=\"(max-width: 212px) 100vw, 212px\" \/><\/p>\n","protected":false},"excerpt":{"rendered":"<p>Deux expos pour cette fin d&rsquo;ann\u00e9e ! La premi\u00e8re avec Histoire de copines\u00a0 \u00e0 Cognac du 27 novembre au 2 d\u00e9cembre. Je continue l&rsquo;aventure avec 3 complices : Sandrine Andersson (bijoux), l&rsquo;atelier de Val\u00e9rianne (santons) et Muriel Geoffroy (feutres). Nous investissons la salle du prieur\u00e9 du couvent des R\u00e9collets \u00e0 Cognac au 53 rue d&rsquo;Angoul\u00eame. <a class=\"read-more\" href=\"http:\/\/www.terresdangely.com\/fr\/2023\/11\/14\/les-expos-de-la-fin-2023\/\">Read More<\/a><\/p>\n","protected":false},"author":1,"featured_media":0,"comment_status":"open","ping_status":"open","sticky":false,"template":"","format":"standard","meta":{"footnotes":""},"categories":[3],"tags":[],"class_list":["post-3193","post","type-post","status-publish","format-standard","hentry","category-actualite"],"yoast_head":"<!-- This site is optimized with the Yoast SEO plugin v27.4 - https:\/\/yoast.com\/product\/yoast-seo-wordpress\/ -->\n<title>Les expos de la fin 2023 !<\/title>\n<meta name=\"description\" content=\"Fabrication de c\u00e9ramiques d&#039;arts, poterie, vaisselle, cadeau, d\u00e9coration. Vente sur place, sur les march\u00e9s, et vente en ligne. Cours et stages de c\u00e9ramique (tournage et \u00e9maillage). Pr\u00e9sentation de l&#039;entreprise et de ses produits.\" \/>\n<meta name=\"robots\" content=\"index, follow, max-snippet:-1, max-image-preview:large, max-video-preview:-1\" \/>\n<link rel=\"canonical\" href=\"http:\/\/www.terresdangely.com\/fr\/2023\/11\/14\/les-expos-de-la-fin-2023\/\" \/>\n<meta property=\"og:locale\" content=\"fr_FR\" \/>\n<meta property=\"og:locale:alternate\" content=\"en_UK\" \/>\n<meta property=\"og:type\" content=\"article\" \/>\n<meta property=\"og:title\" content=\"Les expos de la fin 2023 !\" \/>\n<meta property=\"og:description\" content=\"Fabrication de c\u00e9ramiques d&#039;arts, poterie, vaisselle, cadeau, d\u00e9coration. Vente sur place, sur les march\u00e9s, et vente en ligne. Cours et stages de c\u00e9ramique (tournage et \u00e9maillage). Pr\u00e9sentation de l&#039;entreprise et de ses produits.\" \/>\n<meta property=\"og:url\" content=\"http:\/\/www.terresdangely.com\/fr\/2023\/11\/14\/les-expos-de-la-fin-2023\/\" \/>\n<meta property=\"og:site_name\" content=\"Terres d&#039;Ang\u00e9ly\" \/>\n<meta property=\"article:published_time\" content=\"2023-11-14T15:12:18+00:00\" \/>\n<meta property=\"article:modified_time\" content=\"2023-11-21T08:26:58+00:00\" \/>\n<meta property=\"og:image\" content=\"http:\/\/www.terresdangely.com\/wp-content\/uploads\/2023\/11\/affiche-A4Noel-2023-219x300.jpeg\" \/>\n<meta name=\"author\" content=\"admin\" \/>\n<meta name=\"twitter:card\" content=\"summary_large_image\" \/>\n<meta name=\"twitter:label1\" content=\"\u00c9crit par\" \/>\n\t<meta name=\"twitter:data1\" content=\"admin\" \/>\n\t<meta name=\"twitter:label2\" content=\"Dur\u00e9e de lecture estim\u00e9e\" \/>\n\t<meta name=\"twitter:data2\" content=\"1 minute\" \/>\n<script type=\"application\/ld+json\" class=\"yoast-schema-graph\">{\"@context\":\"https:\\\/\\\/schema.org\",\"@graph\":[{\"@type\":\"Article\",\"@id\":\"http:\\\/\\\/www.terresdangely.com\\\/fr\\\/2023\\\/11\\\/14\\\/les-expos-de-la-fin-2023\\\/#article\",\"isPartOf\":{\"@id\":\"http:\\\/\\\/www.terresdangely.com\\\/fr\\\/2023\\\/11\\\/14\\\/les-expos-de-la-fin-2023\\\/\"},\"author\":{\"name\":\"admin\",\"@id\":\"http:\\\/\\\/www.terresdangely.com\\\/#\\\/schema\\\/person\\\/73035138f23bd6b742865e4feca1702b\"},\"headline\":\"Les expos de la fin 2023 !\",\"datePublished\":\"2023-11-14T15:12:18+00:00\",\"dateModified\":\"2023-11-21T08:26:58+00:00\",\"mainEntityOfPage\":{\"@id\":\"http:\\\/\\\/www.terresdangely.com\\\/fr\\\/2023\\\/11\\\/14\\\/les-expos-de-la-fin-2023\\\/\"},\"wordCount\":95,\"commentCount\":2,\"publisher\":{\"@id\":\"http:\\\/\\\/www.terresdangely.com\\\/#organization\"},\"image\":{\"@id\":\"http:\\\/\\\/www.terresdangely.com\\\/fr\\\/2023\\\/11\\\/14\\\/les-expos-de-la-fin-2023\\\/#primaryimage\"},\"thumbnailUrl\":\"http:\\\/\\\/www.terresdangely.com\\\/wp-content\\\/uploads\\\/2023\\\/11\\\/affiche-A4Noel-2023-219x300.jpeg\",\"articleSection\":[\"Actualit\u00e9\"],\"inLanguage\":\"fr-FR\",\"potentialAction\":[{\"@type\":\"CommentAction\",\"name\":\"Comment\",\"target\":[\"http:\\\/\\\/www.terresdangely.com\\\/fr\\\/2023\\\/11\\\/14\\\/les-expos-de-la-fin-2023\\\/#respond\"]}]},{\"@type\":\"WebPage\",\"@id\":\"http:\\\/\\\/www.terresdangely.com\\\/fr\\\/2023\\\/11\\\/14\\\/les-expos-de-la-fin-2023\\\/\",\"url\":\"http:\\\/\\\/www.terresdangely.com\\\/fr\\\/2023\\\/11\\\/14\\\/les-expos-de-la-fin-2023\\\/\",\"name\":\"Les expos de la fin 2023 !\",\"isPartOf\":{\"@id\":\"http:\\\/\\\/www.terresdangely.com\\\/#website\"},\"primaryImageOfPage\":{\"@id\":\"http:\\\/\\\/www.terresdangely.com\\\/fr\\\/2023\\\/11\\\/14\\\/les-expos-de-la-fin-2023\\\/#primaryimage\"},\"image\":{\"@id\":\"http:\\\/\\\/www.terresdangely.com\\\/fr\\\/2023\\\/11\\\/14\\\/les-expos-de-la-fin-2023\\\/#primaryimage\"},\"thumbnailUrl\":\"http:\\\/\\\/www.terresdangely.com\\\/wp-content\\\/uploads\\\/2023\\\/11\\\/affiche-A4Noel-2023-219x300.jpeg\",\"datePublished\":\"2023-11-14T15:12:18+00:00\",\"dateModified\":\"2023-11-21T08:26:58+00:00\",\"description\":\"Fabrication de c\u00e9ramiques d'arts, poterie, vaisselle, cadeau, d\u00e9coration. Vente sur place, sur les march\u00e9s, et vente en ligne. Cours et stages de c\u00e9ramique (tournage et \u00e9maillage). Pr\u00e9sentation de l'entreprise et de ses produits.\",\"breadcrumb\":{\"@id\":\"http:\\\/\\\/www.terresdangely.com\\\/fr\\\/2023\\\/11\\\/14\\\/les-expos-de-la-fin-2023\\\/#breadcrumb\"},\"inLanguage\":\"fr-FR\",\"potentialAction\":[{\"@type\":\"ReadAction\",\"target\":[\"http:\\\/\\\/www.terresdangely.com\\\/fr\\\/2023\\\/11\\\/14\\\/les-expos-de-la-fin-2023\\\/\"]}]},{\"@type\":\"ImageObject\",\"inLanguage\":\"fr-FR\",\"@id\":\"http:\\\/\\\/www.terresdangely.com\\\/fr\\\/2023\\\/11\\\/14\\\/les-expos-de-la-fin-2023\\\/#primaryimage\",\"url\":\"http:\\\/\\\/www.terresdangely.com\\\/wp-content\\\/uploads\\\/2023\\\/11\\\/affiche-A4Noel-2023-219x300.jpeg\",\"contentUrl\":\"http:\\\/\\\/www.terresdangely.com\\\/wp-content\\\/uploads\\\/2023\\\/11\\\/affiche-A4Noel-2023-219x300.jpeg\"},{\"@type\":\"BreadcrumbList\",\"@id\":\"http:\\\/\\\/www.terresdangely.com\\\/fr\\\/2023\\\/11\\\/14\\\/les-expos-de-la-fin-2023\\\/#breadcrumb\",\"itemListElement\":[{\"@type\":\"ListItem\",\"position\":1,\"name\":\"Accueil\",\"item\":\"http:\\\/\\\/www.terresdangely.com\\\/fr\\\/\"},{\"@type\":\"ListItem\",\"position\":2,\"name\":\"Les expos de la fin 2023 !\"}]},{\"@type\":\"WebSite\",\"@id\":\"http:\\\/\\\/www.terresdangely.com\\\/#website\",\"url\":\"http:\\\/\\\/www.terresdangely.com\\\/\",\"name\":\"Terres d'Ang\u00e9ly\",\"description\":\"C\u00e9ramique artisanale\",\"publisher\":{\"@id\":\"http:\\\/\\\/www.terresdangely.com\\\/#organization\"},\"potentialAction\":[{\"@type\":\"SearchAction\",\"target\":{\"@type\":\"EntryPoint\",\"urlTemplate\":\"http:\\\/\\\/www.terresdangely.com\\\/?s={search_term_string}\"},\"query-input\":{\"@type\":\"PropertyValueSpecification\",\"valueRequired\":true,\"valueName\":\"search_term_string\"}}],\"inLanguage\":\"fr-FR\"},{\"@type\":\"Organization\",\"@id\":\"http:\\\/\\\/www.terresdangely.com\\\/#organization\",\"name\":\"Terres d'Ang\u00e9ly\",\"url\":\"http:\\\/\\\/www.terresdangely.com\\\/\",\"logo\":{\"@type\":\"ImageObject\",\"inLanguage\":\"fr-FR\",\"@id\":\"http:\\\/\\\/www.terresdangely.com\\\/#\\\/schema\\\/logo\\\/image\\\/\",\"url\":\"http:\\\/\\\/www.terresdangely.com\\\/wp-content\\\/uploads\\\/2019\\\/04\\\/Logo-Terres-dAngely-site.png\",\"contentUrl\":\"http:\\\/\\\/www.terresdangely.com\\\/wp-content\\\/uploads\\\/2019\\\/04\\\/Logo-Terres-dAngely-site.png\",\"width\":150,\"height\":149,\"caption\":\"Terres d'Ang\u00e9ly\"},\"image\":{\"@id\":\"http:\\\/\\\/www.terresdangely.com\\\/#\\\/schema\\\/logo\\\/image\\\/\"}},{\"@type\":\"Person\",\"@id\":\"http:\\\/\\\/www.terresdangely.com\\\/#\\\/schema\\\/person\\\/73035138f23bd6b742865e4feca1702b\",\"name\":\"admin\",\"image\":{\"@type\":\"ImageObject\",\"inLanguage\":\"fr-FR\",\"@id\":\"https:\\\/\\\/secure.gravatar.com\\\/avatar\\\/14227ef21a13c880002cfb320e81dc4c98f966e368ee9457a6ae15a923b9f51c?s=96&d=mm&r=g\",\"url\":\"https:\\\/\\\/secure.gravatar.com\\\/avatar\\\/14227ef21a13c880002cfb320e81dc4c98f966e368ee9457a6ae15a923b9f51c?s=96&d=mm&r=g\",\"contentUrl\":\"https:\\\/\\\/secure.gravatar.com\\\/avatar\\\/14227ef21a13c880002cfb320e81dc4c98f966e368ee9457a6ae15a923b9f51c?s=96&d=mm&r=g\",\"caption\":\"admin\"},\"url\":\"http:\\\/\\\/www.terresdangely.com\\\/fr\\\/author\\\/admin\\\/\"}]}<\/script>\n<!-- \/ Yoast SEO plugin. -->","yoast_head_json":{"title":"Les expos de la fin 2023 !","description":"Fabrication de c\u00e9ramiques d'arts, poterie, vaisselle, cadeau, d\u00e9coration. Vente sur place, sur les march\u00e9s, et vente en ligne. Cours et stages de c\u00e9ramique (tournage et \u00e9maillage). Pr\u00e9sentation de l'entreprise et de ses produits.","robots":{"index":"index","follow":"follow","max-snippet":"max-snippet:-1","max-image-preview":"max-image-preview:large","max-video-preview":"max-video-preview:-1"},"canonical":"http:\/\/www.terresdangely.com\/fr\/2023\/11\/14\/les-expos-de-la-fin-2023\/","og_locale":"fr_FR","og_type":"article","og_title":"[:fr]Les expos de la fin 2023 ![:] - Terres d'Ang\u00e9ly","og_description":"Fabrication de c\u00e9ramiques d'arts, poterie, vaisselle, cadeau, d\u00e9coration. Vente sur place, sur les march\u00e9s, et vente en ligne. Cours et stages de c\u00e9ramique (tournage et \u00e9maillage). Pr\u00e9sentation de l'entreprise et de ses produits.","og_url":"http:\/\/www.terresdangely.com\/fr\/2023\/11\/14\/les-expos-de-la-fin-2023\/","og_site_name":"Terres d'Ang\u00e9ly","article_published_time":"2023-11-14T15:12:18+00:00","article_modified_time":"2023-11-21T08:26:58+00:00","og_image":[{"url":"http:\/\/www.terresdangely.com\/wp-content\/uploads\/2023\/11\/affiche-A4Noel-2023-219x300.jpeg","type":"","width":"","height":""}],"author":"admin","twitter_card":"summary_large_image","twitter_misc":{"\u00c9crit par":"admin","Dur\u00e9e de lecture estim\u00e9e":"1 minute"},"schema":{"@context":"https:\/\/schema.org","@graph":[{"@type":"Article","@id":"http:\/\/www.terresdangely.com\/fr\/2023\/11\/14\/les-expos-de-la-fin-2023\/#article","isPartOf":{"@id":"http:\/\/www.terresdangely.com\/fr\/2023\/11\/14\/les-expos-de-la-fin-2023\/"},"author":{"name":"admin","@id":"http:\/\/www.terresdangely.com\/#\/schema\/person\/73035138f23bd6b742865e4feca1702b"},"headline":"Les expos de la fin 2023 !","datePublished":"2023-11-14T15:12:18+00:00","dateModified":"2023-11-21T08:26:58+00:00","mainEntityOfPage":{"@id":"http:\/\/www.terresdangely.com\/fr\/2023\/11\/14\/les-expos-de-la-fin-2023\/"},"wordCount":95,"commentCount":2,"publisher":{"@id":"http:\/\/www.terresdangely.com\/#organization"},"image":{"@id":"http:\/\/www.terresdangely.com\/fr\/2023\/11\/14\/les-expos-de-la-fin-2023\/#primaryimage"},"thumbnailUrl":"http:\/\/www.terresdangely.com\/wp-content\/uploads\/2023\/11\/affiche-A4Noel-2023-219x300.jpeg","articleSection":["Actualit\u00e9"],"inLanguage":"fr-FR","potentialAction":[{"@type":"CommentAction","name":"Comment","target":["http:\/\/www.terresdangely.com\/fr\/2023\/11\/14\/les-expos-de-la-fin-2023\/#respond"]}]},{"@type":"WebPage","@id":"http:\/\/www.terresdangely.com\/fr\/2023\/11\/14\/les-expos-de-la-fin-2023\/","url":"http:\/\/www.terresdangely.com\/fr\/2023\/11\/14\/les-expos-de-la-fin-2023\/","name":"Les expos de la fin 2023 !","isPartOf":{"@id":"http:\/\/www.terresdangely.com\/#website"},"primaryImageOfPage":{"@id":"http:\/\/www.terresdangely.com\/fr\/2023\/11\/14\/les-expos-de-la-fin-2023\/#primaryimage"},"image":{"@id":"http:\/\/www.terresdangely.com\/fr\/2023\/11\/14\/les-expos-de-la-fin-2023\/#primaryimage"},"thumbnailUrl":"http:\/\/www.terresdangely.com\/wp-content\/uploads\/2023\/11\/affiche-A4Noel-2023-219x300.jpeg","datePublished":"2023-11-14T15:12:18+00:00","dateModified":"2023-11-21T08:26:58+00:00","description":"Fabrication de c\u00e9ramiques d'arts, poterie, vaisselle, cadeau, d\u00e9coration. Vente sur place, sur les march\u00e9s, et vente en ligne. Cours et stages de c\u00e9ramique (tournage et \u00e9maillage). Pr\u00e9sentation de l'entreprise et de ses produits.","breadcrumb":{"@id":"http:\/\/www.terresdangely.com\/fr\/2023\/11\/14\/les-expos-de-la-fin-2023\/#breadcrumb"},"inLanguage":"fr-FR","potentialAction":[{"@type":"ReadAction","target":["http:\/\/www.terresdangely.com\/fr\/2023\/11\/14\/les-expos-de-la-fin-2023\/"]}]},{"@type":"ImageObject","inLanguage":"fr-FR","@id":"http:\/\/www.terresdangely.com\/fr\/2023\/11\/14\/les-expos-de-la-fin-2023\/#primaryimage","url":"http:\/\/www.terresdangely.com\/wp-content\/uploads\/2023\/11\/affiche-A4Noel-2023-219x300.jpeg","contentUrl":"http:\/\/www.terresdangely.com\/wp-content\/uploads\/2023\/11\/affiche-A4Noel-2023-219x300.jpeg"},{"@type":"BreadcrumbList","@id":"http:\/\/www.terresdangely.com\/fr\/2023\/11\/14\/les-expos-de-la-fin-2023\/#breadcrumb","itemListElement":[{"@type":"ListItem","position":1,"name":"Accueil","item":"http:\/\/www.terresdangely.com\/fr\/"},{"@type":"ListItem","position":2,"name":"Les expos de la fin 2023 !"}]},{"@type":"WebSite","@id":"http:\/\/www.terresdangely.com\/#website","url":"http:\/\/www.terresdangely.com\/","name":"Terres d'Ang\u00e9ly","description":"C\u00e9ramique artisanale","publisher":{"@id":"http:\/\/www.terresdangely.com\/#organization"},"potentialAction":[{"@type":"SearchAction","target":{"@type":"EntryPoint","urlTemplate":"http:\/\/www.terresdangely.com\/?s={search_term_string}"},"query-input":{"@type":"PropertyValueSpecification","valueRequired":true,"valueName":"search_term_string"}}],"inLanguage":"fr-FR"},{"@type":"Organization","@id":"http:\/\/www.terresdangely.com\/#organization","name":"Terres d'Ang\u00e9ly","url":"http:\/\/www.terresdangely.com\/","logo":{"@type":"ImageObject","inLanguage":"fr-FR","@id":"http:\/\/www.terresdangely.com\/#\/schema\/logo\/image\/","url":"http:\/\/www.terresdangely.com\/wp-content\/uploads\/2019\/04\/Logo-Terres-dAngely-site.png","contentUrl":"http:\/\/www.terresdangely.com\/wp-content\/uploads\/2019\/04\/Logo-Terres-dAngely-site.png","width":150,"height":149,"caption":"Terres d'Ang\u00e9ly"},"image":{"@id":"http:\/\/www.terresdangely.com\/#\/schema\/logo\/image\/"}},{"@type":"Person","@id":"http:\/\/www.terresdangely.com\/#\/schema\/person\/73035138f23bd6b742865e4feca1702b","name":"admin","image":{"@type":"ImageObject","inLanguage":"fr-FR","@id":"https:\/\/secure.gravatar.com\/avatar\/14227ef21a13c880002cfb320e81dc4c98f966e368ee9457a6ae15a923b9f51c?s=96&d=mm&r=g","url":"https:\/\/secure.gravatar.com\/avatar\/14227ef21a13c880002cfb320e81dc4c98f966e368ee9457a6ae15a923b9f51c?s=96&d=mm&r=g","contentUrl":"https:\/\/secure.gravatar.com\/avatar\/14227ef21a13c880002cfb320e81dc4c98f966e368ee9457a6ae15a923b9f51c?s=96&d=mm&r=g","caption":"admin"},"url":"http:\/\/www.terresdangely.com\/fr\/author\/admin\/"}]}},"_links":{"self":[{"href":"http:\/\/www.terresdangely.com\/fr\/wp-json\/wp\/v2\/posts\/3193","targetHints":{"allow":["GET"]}}],"collection":[{"href":"http:\/\/www.terresdangely.com\/fr\/wp-json\/wp\/v2\/posts"}],"about":[{"href":"http:\/\/www.terresdangely.com\/fr\/wp-json\/wp\/v2\/types\/post"}],"author":[{"embeddable":true,"href":"http:\/\/www.terresdangely.com\/fr\/wp-json\/wp\/v2\/users\/1"}],"replies":[{"embeddable":true,"href":"http:\/\/www.terresdangely.com\/fr\/wp-json\/wp\/v2\/comments?post=3193"}],"version-history":[{"count":4,"href":"http:\/\/www.terresdangely.com\/fr\/wp-json\/wp\/v2\/posts\/3193\/revisions"}],"predecessor-version":[{"id":3224,"href":"http:\/\/www.terresdangely.com\/fr\/wp-json\/wp\/v2\/posts\/3193\/revisions\/3224"}],"wp:attachment":[{"href":"http:\/\/www.terresdangely.com\/fr\/wp-json\/wp\/v2\/media?parent=3193"}],"wp:term":[{"taxonomy":"category","embeddable":true,"href":"http:\/\/www.terresdangely.com\/fr\/wp-json\/wp\/v2\/categories?post=3193"},{"taxonomy":"post_tag","embeddable":true,"href":"http:\/\/www.terresdangely.com\/fr\/wp-json\/wp\/v2\/tags?post=3193"}],"curies":[{"name":"wp","href":"https:\/\/api.w.org\/{rel}","templated":true}]}}